{"id":315,"date":"2017-12-19T20:44:36","date_gmt":"2017-12-19T20:44:36","guid":{"rendered":"http:\/\/www.fdp-sdl.de\/?p=315"},"modified":"2020-08-26T11:21:12","modified_gmt":"2020-08-26T11:21:12","slug":"faber-beim-breitbandausbau-steht-die-landesregierung-auf-der-langen-leitung","status":"publish","type":"post","link":"https:\/\/www.fdp-sdl.de\/?p=315","title":{"rendered":"Faber: \u201eBeim Breitbandausbau steht die Landesregierung auf der langen Leitung.\u201c"},"content":{"rendered":"<p>\u201eDie Landesregierung kommt bei Breitbandausbau kaum voran\u201c kritisiert der altm\u00e4rkische Bundestagsabgeordnete Dr. Marcus Faber. \u201eDer Glasfaserausbau f\u00fcr schnelles Internet bis 2030 kommt viel zu sp\u00e4t. Die Landesregierung verfehlt bereits jetzt ihr Ziel von 50 Mbit\/s bis 2018 klar. Schon heute ben\u00f6tigen die Menschen und Unternehmen in Sachsen-Anhalt schnelle und verl\u00e4ssliche Anschl\u00fcsse.\u201c<\/p>\n<p>Dr. Marcus Faber, der auch stellvertretender Landesvorsitzender der FDP Sachsen-Anhalt ist, sieht dabei auch den Bund in der Pflicht. \u201eDer Bund sollte seine Anteile an der Deutschen Post AG und der Deutschen Telekom AG vollst\u00e4ndig verkaufen, da diese auch ohne staatliche Kontrolle wettbewerbsf\u00e4hig sind. Mit den Erl\u00f6sen aus der Privatisierung, lie\u00dfe sich die notwendige Infrastruktur ausbauen, damit Deutschland endlich den technologischen Anschluss an andere europ\u00e4ische L\u00e4nder findet.\u201c<\/p>\n<p>Hintergrund:<br \/>\nDie Landesregierung des Landes Sachsen-Anhalt beschloss am 19.12.2017 die \u201eDigitale Agenda\u201e <a href=\"https:\/\/digital.sachsen-anhalt.de\/blog\/?tx_t3extblog_blogsystem%5BpermalinkPost%5D=178&amp;tx_t3extblog_blogsystem%5Baction%5D=permalink&amp;cHash=ba991ed92e041dcb671759967f2cd5ea\" target=\"_blank\" rel=\"noopener noreferrer\">https:\/\/digital.sachsen-anhalt.de\/blog\/?tx_t3extblog_blogsystem%5BpermalinkPost%5D=178&amp;tx_t3extblog_blogsystem%5Baction%5D=permalink&amp;cHash=ba991ed92e041dcb671759967f2cd5ea<\/a><\/p>\n","protected":false},"excerpt":{"rendered":"<p>\u201eDie Landesregierung kommt bei Breitbandausbau kaum voran\u201c kritisiert der altm\u00e4rkische Bundestagsabgeordnete Dr. Marcus Faber. \u201eDer Glasfaserausbau f\u00fcr schnelles Internet bis<\/p>\n","protected":false},"author":1,"featured_media":0,"comment_status":"open","ping_status":"open","sticky":false,"template":"","format":"standard","meta":{"colormag_page_container_layout":"default_layout","colormag_page_sidebar_layout":"default_layout","footnotes":""},"categories":[3,9],"tags":[61,12,26],"class_list":["post-315","post","type-post","status-publish","format-standard","hentry","category-presse","category-sachsen-anhalt","tag-breitbandausbau","tag-dr-marcus-faber","tag-sachsen-anhalt"],"_links":{"self":[{"href":"https:\/\/www.fdp-sdl.de\/index.php?rest_route=\/wp\/v2\/posts\/315","targetHints":{"allow":["GET"]}}],"collection":[{"href":"https:\/\/www.fdp-sdl.de\/index.php?rest_route=\/wp\/v2\/posts"}],"about":[{"href":"https:\/\/www.fdp-sdl.de\/index.php?rest_route=\/wp\/v2\/types\/post"}],"author":[{"embeddable":true,"href":"https:\/\/www.fdp-sdl.de\/index.php?rest_route=\/wp\/v2\/users\/1"}],"replies":[{"embeddable":true,"href":"https:\/\/www.fdp-sdl.de\/index.php?rest_route=%2Fwp%2Fv2%2Fcomments&post=315"}],"version-history":[{"count":3,"href":"https:\/\/www.fdp-sdl.de\/index.php?rest_route=\/wp\/v2\/posts\/315\/revisions"}],"predecessor-version":[{"id":1153,"href":"https:\/\/www.fdp-sdl.de\/index.php?rest_route=\/wp\/v2\/posts\/315\/revisions\/1153"}],"wp:attachment":[{"href":"https:\/\/www.fdp-sdl.de\/index.php?rest_route=%2Fwp%2Fv2%2Fmedia&parent=315"}],"wp:term":[{"taxonomy":"category","embeddable":true,"href":"https:\/\/www.fdp-sdl.de\/index.php?rest_route=%2Fwp%2Fv2%2Fcategories&post=315"},{"taxonomy":"post_tag","embeddable":true,"href":"https:\/\/www.fdp-sdl.de\/index.php?rest_route=%2Fwp%2Fv2%2Ftags&post=315"}],"curies":[{"name":"wp","href":"https:\/\/api.w.org\/{rel}","templated":true}]}}