{"id":1526,"date":"2022-12-05T17:02:52","date_gmt":"2022-12-05T16:02:52","guid":{"rendered":"https:\/\/www.fdp-sdl.de\/?p=1526"},"modified":"2023-02-12T17:07:55","modified_gmt":"2023-02-12T16:07:55","slug":"praxis-trifft-politik-dr-gero-hocker-mdb-sprach-mit-landwirten-aus-der-altmark","status":"publish","type":"post","link":"https:\/\/www.fdp-sdl.de\/?p=1526","title":{"rendered":"Praxis trifft Politik \u2013 Dr. Gero Hocker MdB sprach mit Landwirten aus der Altmark"},"content":{"rendered":"\n<p>Der landwirtschaftspolitische Sprecher der FDP Bundestagsfraktion war in Schernebeck zu Gast.&nbsp; Weihnachtsfeiern gelten gemeinhin als gem\u00fctliche Runden&nbsp; zum Austausch bei Hei\u00dfgetr\u00e4nken und Keksen. Bei den Freien Demokraten Stendal und ihrem Vorsitzenden Dr. Marcus Faber MdB wurde diese am Freitag erg\u00e4nzt durch ein Fachgespr\u00e4ch zu einem brisanten Thema:<\/p>\n\n\n\n<p>Dr. Gero Hocker, landwirtschaftspolitischer Sprecher der Bundestagsfraktion der Freien Demokraten, hielt einen ausf\u00fchrlichen Vortrag zum Thema Landwirtschaft. Unter den 30 G\u00e4sten im Forsthaus waren neben Parteimitgliedern auch Landwirte aus der Region, was zu intensiven Gespr\u00e4chen f\u00fchrte.<\/p>\n\n\n\n<p>Dabei diskutierten die Anwesenden \u00fcber stillgelegte Anbaufl\u00e4chen, ausfallende Getreidelieferungen aufgrund der Russland-Blockade und die daraus resultierende weltweite Ern\u00e4hrungssituation. Auch der Wunsch der Weidetierhalter, den Wolf ins Jagdrecht aufzunehmen, kam zur Sprache. Hocker betonte, er trete f\u00fcr mehr Vertrauen gegen\u00fcber Landwirten ein. Viele w\u00fcrden darunter leiden, dass sie zunehmend weniger Freiheit in ihrem eigenen Betrieb haben. Die Landwirte schlossen sich den Klagen \u00fcber B\u00fcrokratie an. Immer weiter steigende Auflagen, unverst\u00e4ndliche Formulare oder auch die Abfragen der immer selben Daten geh\u00f6rten zu den kritisieren Punkten.<\/p>\n\n\n\n<p>Das Gespr\u00e4ch m\u00fcndete dann in den lockeren Abend bei Wildbraten und Gl\u00fchwein. Schlie\u00dflich ist auch Adventszeit.<\/p>\n","protected":false},"excerpt":{"rendered":"<p>Der landwirtschaftspolitische Sprecher der FDP Bundestagsfraktion war in Schernebeck zu Gast.&nbsp; Weihnachtsfeiern gelten gemeinhin als gem\u00fctliche Runden&nbsp; zum Austausch bei<\/p>\n","protected":false},"author":1,"featured_media":1527,"comment_status":"closed","ping_status":"closed","sticky":false,"template":"","format":"standard","meta":{"colormag_page_container_layout":"default_layout","colormag_page_sidebar_layout":"default_layout","footnotes":""},"categories":[8,3],"tags":[19,12,5,22],"class_list":["post-1526","post","type-post","status-publish","format-standard","has-post-thumbnail","hentry","category-kreisverband","category-presse","tag-altmark","tag-dr-marcus-faber","tag-fdp","tag-stendal"],"_links":{"self":[{"href":"https:\/\/www.fdp-sdl.de\/index.php?rest_route=\/wp\/v2\/posts\/1526","targetHints":{"allow":["GET"]}}],"collection":[{"href":"https:\/\/www.fdp-sdl.de\/index.php?rest_route=\/wp\/v2\/posts"}],"about":[{"href":"https:\/\/www.fdp-sdl.de\/index.php?rest_route=\/wp\/v2\/types\/post"}],"author":[{"embeddable":true,"href":"https:\/\/www.fdp-sdl.de\/index.php?rest_route=\/wp\/v2\/users\/1"}],"replies":[{"embeddable":true,"href":"https:\/\/www.fdp-sdl.de\/index.php?rest_route=%2Fwp%2Fv2%2Fcomments&post=1526"}],"version-history":[{"count":1,"href":"https:\/\/www.fdp-sdl.de\/index.php?rest_route=\/wp\/v2\/posts\/1526\/revisions"}],"predecessor-version":[{"id":1528,"href":"https:\/\/www.fdp-sdl.de\/index.php?rest_route=\/wp\/v2\/posts\/1526\/revisions\/1528"}],"wp:featuredmedia":[{"embeddable":true,"href":"https:\/\/www.fdp-sdl.de\/index.php?rest_route=\/wp\/v2\/media\/1527"}],"wp:attachment":[{"href":"https:\/\/www.fdp-sdl.de\/index.php?rest_route=%2Fwp%2Fv2%2Fmedia&parent=1526"}],"wp:term":[{"taxonomy":"category","embeddable":true,"href":"https:\/\/www.fdp-sdl.de\/index.php?rest_route=%2Fwp%2Fv2%2Fcategories&post=1526"},{"taxonomy":"post_tag","embeddable":true,"href":"https:\/\/www.fdp-sdl.de\/index.php?rest_route=%2Fwp%2Fv2%2Ftags&post=1526"}],"curies":[{"name":"wp","href":"https:\/\/api.w.org\/{rel}","templated":true}]}}