{"id":1193,"date":"2020-10-01T09:42:00","date_gmt":"2020-10-01T07:42:00","guid":{"rendered":"https:\/\/www.fdp-sdl.de\/?p=1193"},"modified":"2021-04-09T20:28:44","modified_gmt":"2021-04-09T18:28:44","slug":"landesvertreter-waehlen-spitzenkandidatin-und-liste-fuer-landtagswahl-2021","status":"publish","type":"post","link":"https:\/\/www.fdp-sdl.de\/?p=1193","title":{"rendered":"Landesvertreter w\u00e4hlen Spitzenkandidatin und Liste f\u00fcr Landtagswahl 2021"},"content":{"rendered":"\n<p>Die Magdeburgerin Dr. Lydia H\u00fcskens wird die Landesliste der Freien Demokraten Sachsen-Anhalt f\u00fcr die Landtagswahl im kommenden Jahr anf\u00fchren. Sie erhielt auf der Landesvertreterversammlung am Sonnabend vergangener Woche im Stadthaus Wittenberg 92 von 110 abgegebenen Stimmen (83,6 Prozent). In ihrer Bewerbungsrede (die Sie hier noch einmal anschauen k\u00f6nnen: <a rel=\"noreferrer noopener\" href=\"https:\/\/fdp-lsa.us15.list-manage.com\/track\/click?u=d6e3666a3894e4b33dd6e08a6&amp;id=b83940b120&amp;e=a0b7f78ed3\" target=\"_blank\">https:\/\/youtu.be\/Adqd8ZizIH0?t=1685<\/a>, <em>im Folgenden werden die Reden dann jeweils mit den Namen der Kandidaten verlinkt<\/em>) ging sie sowohl mit der Bilanz der schwarz-rot-gr\u00fcnen Regierungskoalition als auch der der Opposition im Magdeburger Landtag hart ins Gericht und machte so deutlich, dass dort die Anwesenheit liberaler Abgeordneter dringend erforderlich ist. In den n\u00e4chsten Monaten setzen die Freien Demokraten mit <em>#modernmachen<\/em> schon einmal einen spitzen Kontrapunkt zur Kampagne <em>#moderndenken<\/em> der Landesregierung, welche damit f\u00fcr das mittlerweile schon notorische Schlusslicht Sachsen-Anhalt in Anspruch nimmt, gewisserma\u00dfen aus Tradition seit den Zeiten des Bauhauses ein Hort der Avantgarde zu sein.<\/p>\n\n\n\n<p>Auf Platz 2 der Landesliste folgt mit 65,2 Prozent der Hallenser <a rel=\"noreferrer noopener\" href=\"https:\/\/fdp-lsa.us15.list-manage.com\/track\/click?u=d6e3666a3894e4b33dd6e08a6&amp;id=9b9d3b02d1&amp;e=a0b7f78ed3\" target=\"_blank\">Andreas Silbersack<\/a>. Auch er unterstrich die Bedeutung der anstehenden Wahl f\u00fcr das Land und warb daf\u00fcr, als Freie Demokraten einig und mit Mut in den Wahlkampf zu gehen.<br>Im Wahlgang um den dritten Listenplatz setzte sich <a rel=\"noreferrer noopener\" href=\"https:\/\/fdp-lsa.us15.list-manage.com\/track\/click?u=d6e3666a3894e4b33dd6e08a6&amp;id=eb2c46acbe&amp;e=a0b7f78ed3\" target=\"_blank\">Johann Hauser<\/a> (SLK)\u00a0mit 52,6 Prozent gegen <a rel=\"noreferrer noopener\" href=\"https:\/\/fdp-lsa.us15.list-manage.com\/track\/click?u=d6e3666a3894e4b33dd6e08a6&amp;id=34e31d9c2a&amp;e=a0b7f78ed3\" target=\"_blank\">Allard von Arnim<\/a> (JL)\u00a0mit 41,2 Prozent durch. Auf Platz 4 folgt <a rel=\"noreferrer noopener\" href=\"https:\/\/fdp-lsa.us15.list-manage.com\/track\/click?u=d6e3666a3894e4b33dd6e08a6&amp;id=03ddad514a&amp;e=a0b7f78ed3\" target=\"_blank\">Kathrin Tarricone<\/a> (MSH), die eine Zustimmung von 87,6 Prozent erhielt. Um den Listenplatz 5 gab es die zweite Kampfkandidatur des Tages. Diese konnte\u00a0<a rel=\"noreferrer noopener\" href=\"https:\/\/fdp-lsa.us15.list-manage.com\/track\/click?u=d6e3666a3894e4b33dd6e08a6&amp;id=bd4fa3adc6&amp;e=a0b7f78ed3\" target=\"_blank\">Guido Kosmehl<\/a>\u00a0(ABI) mit 53 Prozent gegen 46,1 Prozent f\u00fcr den Spitzenkandidaten der Jungen Liberalen\u00a0<a rel=\"noreferrer noopener\" href=\"https:\/\/fdp-lsa.us15.list-manage.com\/track\/click?u=d6e3666a3894e4b33dd6e08a6&amp;id=fb299d88b8&amp;e=a0b7f78ed3\" target=\"_blank\">Konstantin Pott<\/a> (HAL)\u00a0f\u00fcr sich entscheiden. Mit 67,5 Prozent behielt Pott jedoch wenig sp\u00e4ter im Wahlgang um Platz 7 gegen <a rel=\"noreferrer noopener\" href=\"https:\/\/fdp-lsa.us15.list-manage.com\/track\/click?u=d6e3666a3894e4b33dd6e08a6&amp;id=2668f2fcb0&amp;e=a0b7f78ed3\" target=\"_blank\">Dr. J\u00fcrgen Meyer-Roschau<\/a> (SAW) die Oberhand, auf den 32,5 Prozent entfielen. Zuvor wurde auf Platz 6 der Dessauer Berufsschullehrer <a rel=\"noreferrer noopener\" href=\"https:\/\/fdp-lsa.us15.list-manage.com\/track\/click?u=d6e3666a3894e4b33dd6e08a6&amp;id=3041dd8012&amp;e=a0b7f78ed3\" target=\"_blank\">J\u00f6rg Bernstein<\/a>\u00a0mit 91,6 Prozent und damit dem besten Einzelergebnis des Tages gew\u00e4hlt. Platz 8 ging mit 80,2 Prozent an <a rel=\"noreferrer noopener\" href=\"https:\/\/fdp-lsa.us15.list-manage.com\/track\/click?u=d6e3666a3894e4b33dd6e08a6&amp;id=993f9039f2&amp;e=a0b7f78ed3\" target=\"_blank\">Maximilian Gludau<\/a> (BLK) und Platz 9 mit 85,7 Prozent an <a rel=\"noreferrer noopener\" href=\"https:\/\/fdp-lsa.us15.list-manage.com\/track\/click?u=d6e3666a3894e4b33dd6e08a6&amp;id=cc304779ee&amp;e=a0b7f78ed3\" target=\"_blank\">Ramona Hoyer<\/a> (SK).<\/p>\n\n\n\n<figure class=\"wp-block-image size-full is-style-default\"><img loading=\"lazy\" decoding=\"async\" width=\"600\" height=\"600\" src=\"https:\/\/www.fdp-sdl.de\/wp-content\/uploads\/2020\/10\/Kandidaten_LVV_Top10.jpg\" alt=\"\" class=\"wp-image-1196\" srcset=\"https:\/\/www.fdp-sdl.de\/wp-content\/uploads\/2020\/10\/Kandidaten_LVV_Top10.jpg 600w, https:\/\/www.fdp-sdl.de\/wp-content\/uploads\/2020\/10\/Kandidaten_LVV_Top10-300x300.jpg 300w, https:\/\/www.fdp-sdl.de\/wp-content\/uploads\/2020\/10\/Kandidaten_LVV_Top10-150x150.jpg 150w\" sizes=\"auto, (max-width: 600px) 100vw, 600px\" \/><\/figure>\n\n\n\n<p>Bei der letzten Einzelwahl dieser Landesvertreterversammlung setzte sich dann Yvonne von L\u00f6bbecke (HZ) (die wegen Verhinderung von <a rel=\"noreferrer noopener\" href=\"https:\/\/fdp-lsa.us15.list-manage.com\/track\/click?u=d6e3666a3894e4b33dd6e08a6&amp;id=2f9aeff945&amp;e=a0b7f78ed3\" target=\"_blank\">Denise K\u00f6cke<\/a>\u00a0leidenschaftlich vorgestellt wurde) mit 60,7 Prozent gegen Dr. Meyer-Roschau (SAW) mit 30,4 Prozent durch.<\/p>\n\n\n\n<p>Die Pl\u00e4tze 11 bis 15 und 16 bis 22 wurden schlie\u00dflich \u201eim Block\u201c gew\u00e4hlt. Dabei ist gem\u00e4\u00df unserer Landessatzung dennoch im ersten Wahlgang die absolute Mehrheit erforderlich. Diese erreichte <a rel=\"noreferrer noopener\" href=\"https:\/\/fdp-lsa.us15.list-manage.com\/track\/click?u=d6e3666a3894e4b33dd6e08a6&amp;id=19cbd86ebe&amp;e=a0b7f78ed3\" target=\"_blank\">Johanna Engel<\/a> (MSH), die sich damit Platz 11 sicherte.<\/p>\n\n\n\n<p>Die Liste vervollst\u00e4ndigen:<br>12 &#8211; <a href=\"https:\/\/fdp-lsa.us15.list-manage.com\/track\/click?u=d6e3666a3894e4b33dd6e08a6&amp;id=65d868d238&amp;e=a0b7f78ed3\" target=\"_blank\" rel=\"noreferrer noopener\">Alexander Mei\u00dfner<\/a> (MD)<br>13 &#8211; <a href=\"https:\/\/fdp-lsa.us15.list-manage.com\/track\/click?u=d6e3666a3894e4b33dd6e08a6&amp;id=294c80d577&amp;e=a0b7f78ed3\" target=\"_blank\" rel=\"noreferrer noopener\">Jim Christiansen-Weniger<\/a> (SDL)<br>14 &#8211; <a href=\"https:\/\/fdp-lsa.us15.list-manage.com\/track\/click?u=d6e3666a3894e4b33dd6e08a6&amp;id=ad01db1033&amp;e=a0b7f78ed3\" target=\"_blank\" rel=\"noreferrer noopener\">Ingo Sinast<\/a> (ABI)<br>15 &#8211; <a href=\"https:\/\/fdp-lsa.us15.list-manage.com\/track\/click?u=d6e3666a3894e4b33dd6e08a6&amp;id=7131b476d7&amp;e=a0b7f78ed3\" target=\"_blank\" rel=\"noreferrer noopener\">Torsten Schaper<\/a> (HAL)<br>16 &#8211; <a href=\"https:\/\/fdp-lsa.us15.list-manage.com\/track\/click?u=d6e3666a3894e4b33dd6e08a6&amp;id=0ea0b7dfdd&amp;e=a0b7f78ed3\" target=\"_blank\" rel=\"noreferrer noopener\">Paul Hauschild<\/a> (MD)<br>17 &#8211; <a href=\"https:\/\/fdp-lsa.us15.list-manage.com\/track\/click?u=d6e3666a3894e4b33dd6e08a6&amp;id=f356d7a174&amp;e=a0b7f78ed3\" target=\"_blank\" rel=\"noreferrer noopener\">Thomas G\u00fcrke<\/a> (MD)<br>18 &#8211; <a href=\"https:\/\/fdp-lsa.us15.list-manage.com\/track\/click?u=d6e3666a3894e4b33dd6e08a6&amp;id=2cf5643596&amp;e=a0b7f78ed3\" target=\"_blank\" rel=\"noreferrer noopener\">Alexander Doll<\/a> (SK)<br>19 &#8211; Gunnar Blache (BLK)<br>20 &#8211; <a href=\"https:\/\/fdp-lsa.us15.list-manage.com\/track\/click?u=d6e3666a3894e4b33dd6e08a6&amp;id=651b50582c&amp;e=a0b7f78ed3\" target=\"_blank\" rel=\"noreferrer noopener\">Karsten Pille<\/a> (MSH)<br>21 &#8211; Mathias Wolff (MSH)&nbsp;<br>22 &#8211; J\u00fcrgen Fritzenk\u00f6tter (B\u00d6)<\/p>\n","protected":false},"excerpt":{"rendered":"<p>Die Magdeburgerin Dr. Lydia H\u00fcskens wird die Landesliste der Freien Demokraten Sachsen-Anhalt f\u00fcr die Landtagswahl im kommenden Jahr anf\u00fchren. Sie<\/p>\n","protected":false},"author":1,"featured_media":1195,"comment_status":"open","ping_status":"open","sticky":false,"template":"","format":"standard","meta":{"colormag_page_container_layout":"default_layout","colormag_page_sidebar_layout":"default_layout","footnotes":""},"categories":[3,9,154],"tags":[5,149,43,26],"class_list":["post-1193","post","type-post","status-publish","format-standard","has-post-thumbnail","hentry","category-presse","category-sachsen-anhalt","category-wahlen","tag-fdp","tag-landesvertreterversammlung","tag-landtagswahl","tag-sachsen-anhalt"],"_links":{"self":[{"href":"https:\/\/www.fdp-sdl.de\/index.php?rest_route=\/wp\/v2\/posts\/1193","targetHints":{"allow":["GET"]}}],"collection":[{"href":"https:\/\/www.fdp-sdl.de\/index.php?rest_route=\/wp\/v2\/posts"}],"about":[{"href":"https:\/\/www.fdp-sdl.de\/index.php?rest_route=\/wp\/v2\/types\/post"}],"author":[{"embeddable":true,"href":"https:\/\/www.fdp-sdl.de\/index.php?rest_route=\/wp\/v2\/users\/1"}],"replies":[{"embeddable":true,"href":"https:\/\/www.fdp-sdl.de\/index.php?rest_route=%2Fwp%2Fv2%2Fcomments&post=1193"}],"version-history":[{"count":2,"href":"https:\/\/www.fdp-sdl.de\/index.php?rest_route=\/wp\/v2\/posts\/1193\/revisions"}],"predecessor-version":[{"id":1197,"href":"https:\/\/www.fdp-sdl.de\/index.php?rest_route=\/wp\/v2\/posts\/1193\/revisions\/1197"}],"wp:featuredmedia":[{"embeddable":true,"href":"https:\/\/www.fdp-sdl.de\/index.php?rest_route=\/wp\/v2\/media\/1195"}],"wp:attachment":[{"href":"https:\/\/www.fdp-sdl.de\/index.php?rest_route=%2Fwp%2Fv2%2Fmedia&parent=1193"}],"wp:term":[{"taxonomy":"category","embeddable":true,"href":"https:\/\/www.fdp-sdl.de\/index.php?rest_route=%2Fwp%2Fv2%2Fcategories&post=1193"},{"taxonomy":"post_tag","embeddable":true,"href":"https:\/\/www.fdp-sdl.de\/index.php?rest_route=%2Fwp%2Fv2%2Ftags&post=1193"}],"curies":[{"name":"wp","href":"https:\/\/api.w.org\/{rel}","templated":true}]}}